{"id":1080,"date":"2023-06-29T09:16:28","date_gmt":"2023-06-29T07:16:28","guid":{"rendered":"https:\/\/www.obviouscycles.com\/?p=1080"},"modified":"2023-08-02T16:47:43","modified_gmt":"2023-08-02T14:47:43","slug":"obvious-expose-ses-velos-titane-aux-bois-noirs-oxygene-endurolle-2023","status":"publish","type":"post","link":"https:\/\/www.obviouscycles.com\/en\/obvious-expose-ses-velos-titane-aux-bois-noirs-oxygene-endurolle-2023\/","title":{"rendered":"OBVIOUS on show at Les Bois Noirs Oxyg\u00e8ne - Endurolle 2023"},"content":{"rendered":"<p>Ce dimanche 25 juin 2023, OBVIOUS a pr\u00e9sent\u00e9 pour la premi\u00e8re fois ses v\u00e9los au public.<\/p>\n<p>Nous avons choisi d'exposer sur le site de d\u00e9part et d'arriv\u00e9e de la 21eme \u00e9dition des Bois Noirs Oxyg\u00e8ne et de la 10eme de l'Endurolle. <a href=\"https:\/\/www.boisnoirs.fr\/nos-manifestations\/bois-noirs-oxyg%C3%A8ne\/bno-2023-endurolle-10\/\" target=\"_blank\" rel=\"noopener\">BNO-Endurolle<\/a><\/p>\n<p>Ces \u00e9preuves <a href=\"https:\/\/www.ffc.fr\/discipline\/vtt\/randos-dor\/\" target=\"_blank\" rel=\"noopener\">Rando d'Or FFC<\/a> ont pour particularit\u00e9 de se d\u00e9rouler chaque ann\u00e9e sur un site diff\u00e9rent au d\u00e9part d'un village diff\u00e9rent, toujours sur le territoire <a href=\"http:\/\/www.destinationgrandair.com\/\" target=\"_blank\" rel=\"noopener\">Destination Grand Air<\/a>, le plus grand espace VTT de France labellis\u00e9 FFC.<\/p>\n<p>Cette \u00e9dition prenait place sur le territoire du village d'Arconsat dans le Puy de D\u00f4me et pr\u00e9sentaient 2 nouveaut\u00e9s\u00a0:<\/p>\n<ul>\n<li><strong>8 nouveaux circuits VTT<\/strong>(pour que chacun trouve un circuit adapt\u00e9 \u00e0 son niveau), allant du\u00a0<strong>10 kms<\/strong>\u00a0pour tous jusqu'au Raid de\u00a0<strong>100 kms<\/strong>\u00a0pour les experts<\/li>\n<li>Epreuve ouverte \u00e9galement aux VTTAE<\/li>\n<\/ul>\n<p>Nous avons pu rencontrer les 500 participants qui sont venus se renseigner sur le cette nouvelle marque que peu connaissent encore et s'interroger sur l'utilisation de v\u00e9los en titane.<\/p>\n<img loading=\"lazy\" decoding=\"async\" class=\"alignnone size-medium wp-image-1081\" src=\"https:\/\/www.obviouscycles.com\/wp-content\/uploads\/2023\/06\/pxl-20230625-083620813-655x368.webp\" alt=\"\" width=\"655\" height=\"368\" title=\"\" srcset=\"https:\/\/www.obviouscycles.com\/wp-content\/uploads\/2023\/06\/pxl-20230625-083620813-655x368.webp?m=1688022892 655w, https:\/\/www.obviouscycles.com\/wp-content\/uploads\/2023\/06\/pxl-20230625-083620813-768x432.webp?m=1688022891 768w, https:\/\/www.obviouscycles.com\/wp-content\/uploads\/2023\/06\/pxl-20230625-083620813-1536x864.webp?m=1688022891 1536w, https:\/\/www.obviouscycles.com\/wp-content\/uploads\/2023\/06\/pxl-20230625-083620813-1310x737.webp?m=1688022892 1310w, https:\/\/www.obviouscycles.com\/wp-content\/uploads\/2023\/06\/pxl-20230625-083620813-640x360.webp?m=1688022893 640w, https:\/\/www.obviouscycles.com\/wp-content\/uploads\/2023\/06\/pxl-20230625-083620813-865x485.webp?m=1688022893 865w, https:\/\/www.obviouscycles.com\/wp-content\/uploads\/2023\/06\/pxl-20230625-083620813.webp?m=1688022890 1920w\" sizes=\"auto, (max-width: 655px) 100vw, 655px\" \/>\n<p>Les retours sont tr\u00e8s positifs pour nous. Voici quelques enseignements\u00a0:<\/p>\n<ul>\n<li>L'<a href=\"https:\/\/www.obviouscycles.com\/en\/velos-titane\/vtt-titane\/\">endurorigide<\/a> plait pour son c\u00f4t\u00e9 minimaliste et les sensations d'un pilotage diff\u00e9rent, plus pr\u00e8s du terrain. On se rend compte qu'il y a beaucoup d'adaptes du rigide.<\/li>\n<li>Le look de nos v\u00e9los fait mouche. La sobri\u00e9t\u00e9 au milieu des v\u00e9los des participants, suspendus, \u00e9lectriques, color\u00e9s, prot\u00e9iformes, attire les participants.<\/li>\n<li>Le gravel est encore m\u00e9connu pour beaucoup qui pratiquent le VTT dans cette contr\u00e9e plut\u00f4t \u00ab\u00a0rugueuse\u00a0\u00bb.<\/li>\n<li>La notion de <a href=\"https:\/\/www.obviouscycles.com\/en\/velos-titane\/velo-titane-sur-mesure\/\">\"taylor-made\"<\/a> est tr\u00e8s ancr\u00e9e dans une dimension morphologique. Le fait de proposer des v\u00e9los bas\u00e9s sur les envies et les besoins parait nouvelle.<\/li>\n<li>Les participants sont enthousiastes de voir une petite marque. Ca attise la curiosit\u00e9 et on peut discuter avec ceux qui sont au c\u0153ur du produit. Ca allonge un peu les discussions, mais les cyclistes sont sympas !!<\/li>\n<\/ul>\n<p>&nbsp;<\/p>\n<p>Nous remercions le club des <a href=\"https:\/\/www.boisnoirs.fr\/\" target=\"_blank\" rel=\"noopener\">Bois Noirs<\/a>, ses b\u00e9n\u00e9voles et son pr\u00e9sident qui nous ont si bien accueillis. Merci aussi aux b\u00e9n\u00e9voles qui tout au long de l'ann\u00e9e entretiennent nos chemins.<\/p>\n<p>Enfin, un grand bravo aux participants qui ont affront\u00e9 ces beaux parcours et cette chaleur, puis qui ont pris le temps de venir nous rencontrer.<\/p>\n<p>On attend impatiemment le choix de la commune de d\u00e9part de l'\u00e9dition 2024 pour vous retrouver\u00a0!<\/p>","protected":false},"excerpt":{"rendered":"<p>Ce dimanche 25 juin 2023, OBVIOUS a pr\u00e9sent\u00e9 pour la premi\u00e8re fois ses v\u00e9los au public. Nous avons choisi d'exposer sur le site de d\u00e9part et d'arriv\u00e9e de la 21eme \u00e9dition des Bois Noirs Oxyg\u00e8ne et de la 10eme de l'Endurolle. BNO-Endurolle Ces \u00e9preuves Rando d'Or FFC ont pour particularit\u00e9 de se d\u00e9rouler chaque ann\u00e9e [&hellip;]<\/p>\n","protected":false},"author":3,"featured_media":1313,"comment_status":"closed","ping_status":"closed","sticky":false,"template":"","format":"standard","meta":{"_acf_changed":false,"inline_featured_image":false,"footnotes":""},"categories":[1],"tags":[],"class_list":["post-1080","post","type-post","status-publish","format-standard","has-post-thumbnail","hentry","category-uncategorized"],"acf":[],"_links":{"self":[{"href":"https:\/\/www.obviouscycles.com\/en\/wp-json\/wp\/v2\/posts\/1080","targetHints":{"allow":["GET"]}}],"collection":[{"href":"https:\/\/www.obviouscycles.com\/en\/wp-json\/wp\/v2\/posts"}],"about":[{"href":"https:\/\/www.obviouscycles.com\/en\/wp-json\/wp\/v2\/types\/post"}],"author":[{"embeddable":true,"href":"https:\/\/www.obviouscycles.com\/en\/wp-json\/wp\/v2\/users\/3"}],"replies":[{"embeddable":true,"href":"https:\/\/www.obviouscycles.com\/en\/wp-json\/wp\/v2\/comments?post=1080"}],"version-history":[{"count":0,"href":"https:\/\/www.obviouscycles.com\/en\/wp-json\/wp\/v2\/posts\/1080\/revisions"}],"wp:featuredmedia":[{"embeddable":true,"href":"https:\/\/www.obviouscycles.com\/en\/wp-json\/wp\/v2\/media\/1313"}],"wp:attachment":[{"href":"https:\/\/www.obviouscycles.com\/en\/wp-json\/wp\/v2\/media?parent=1080"}],"wp:term":[{"taxonomy":"category","embeddable":true,"href":"https:\/\/www.obviouscycles.com\/en\/wp-json\/wp\/v2\/categories?post=1080"},{"taxonomy":"post_tag","embeddable":true,"href":"https:\/\/www.obviouscycles.com\/en\/wp-json\/wp\/v2\/tags?post=1080"}],"curies":[{"name":"wp","href":"https:\/\/api.w.org\/{rel}","templated":true}]}}